{"id":954,"date":"2022-07-20T11:58:17","date_gmt":"2022-07-20T09:58:17","guid":{"rendered":"http:\/\/internationales-kinderhaus.de\/?p=954"},"modified":"2022-07-20T11:58:17","modified_gmt":"2022-07-20T09:58:17","slug":"flohmarkt-fuer-kindersachen","status":"publish","type":"post","link":"https:\/\/internationales-kinderhaus.de\/ika-2024\/flohmarkt-fuer-kindersachen\/","title":{"rendered":"Herbst-Flohmarkt f\u00fcr Kindersachen"},"content":{"rendered":"<div class=\"entry-content clearfix\">\n<p>Wir laden alle Flohmarkt-Begeisterten ganz herzlich zu unserem <strong>Herbst-Flohmarkt f\u00fcr Kindersachen<\/strong> ein. Dieser findet im Rahmen der Hofflohm\u00e4rkte im Textilviertel statt:<\/p>\n<p><strong>24.09.2022 von 10:00 Uhr \u2013 13:00 Uhr<\/strong><\/p>\n<p>Wo? Internationales Kinderhaus Augsburg, Sch\u00e4fflerbachstra\u00dfe 28, 86153 Augsburg.<\/p>\n<p>In unserem Elterncaf\u00e9 bieten wir au\u00dferdem Kaffee und Kuchen f\u00fcr alle Flohmarkt-Besucher an.<\/p>\n<\/div>\n","protected":false},"excerpt":{"rendered":"<p>Wir laden alle Flohmarkt-Begeisterten ganz herzlich zu unserem Herbst-Flohmarkt f\u00fcr Kindersachen ein. Dieser findet im Rahmen der Hofflohm\u00e4rkte im Textilviertel statt: 24.09.2022 von 10:00 Uhr \u2013 13:00 Uhr Wo? Internationales Kinderhaus Augsburg, Sch\u00e4fflerbachstra\u00dfe 28, 86153 Augsburg. In unserem Elterncaf\u00e9 bieten [&hellip;]<\/p>\n","protected":false},"author":1,"featured_media":0,"comment_status":"closed","ping_status":"closed","sticky":false,"template":"","format":"standard","meta":{"footnotes":""},"categories":[2],"tags":[],"class_list":["post-954","post","type-post","status-publish","format-standard","hentry","category-allgemein-de"],"_links":{"self":[{"href":"https:\/\/internationales-kinderhaus.de\/ika-2024\/wp-json\/wp\/v2\/posts\/954","targetHints":{"allow":["GET"]}}],"collection":[{"href":"https:\/\/internationales-kinderhaus.de\/ika-2024\/wp-json\/wp\/v2\/posts"}],"about":[{"href":"https:\/\/internationales-kinderhaus.de\/ika-2024\/wp-json\/wp\/v2\/types\/post"}],"author":[{"embeddable":true,"href":"https:\/\/internationales-kinderhaus.de\/ika-2024\/wp-json\/wp\/v2\/users\/1"}],"replies":[{"embeddable":true,"href":"https:\/\/internationales-kinderhaus.de\/ika-2024\/wp-json\/wp\/v2\/comments?post=954"}],"version-history":[{"count":0,"href":"https:\/\/internationales-kinderhaus.de\/ika-2024\/wp-json\/wp\/v2\/posts\/954\/revisions"}],"wp:attachment":[{"href":"https:\/\/internationales-kinderhaus.de\/ika-2024\/wp-json\/wp\/v2\/media?parent=954"}],"wp:term":[{"taxonomy":"category","embeddable":true,"href":"https:\/\/internationales-kinderhaus.de\/ika-2024\/wp-json\/wp\/v2\/categories?post=954"},{"taxonomy":"post_tag","embeddable":true,"href":"https:\/\/internationales-kinderhaus.de\/ika-2024\/wp-json\/wp\/v2\/tags?post=954"}],"curies":[{"name":"wp","href":"https:\/\/api.w.org\/{rel}","templated":true}]}}