{"id":952,"date":"2022-07-20T11:50:51","date_gmt":"2022-07-20T09:50:51","guid":{"rendered":"http:\/\/internationales-kinderhaus.de\/?p=952"},"modified":"2022-07-20T11:50:51","modified_gmt":"2022-07-20T09:50:51","slug":"ika-feiert-sommerfest","status":"publish","type":"post","link":"https:\/\/internationales-kinderhaus.de\/ika-2024\/ika-feiert-sommerfest\/","title":{"rendered":"IKA feiert Sommerfest"},"content":{"rendered":"<p>Nach zwei Jahren Corona-Pause konnte endlich unser j\u00e4hrliches Sommerfest wieder stattfinden. Gro\u00df und Klein haben ausgiebig gefeiert. Es gab verschiedene Aktionsst\u00e4nde f\u00fcr die Kinder, tolle Musik und leckeres Essen.<\/p>\n<p>Wir danken dem Team und dem Elternbeirat f\u00fcr die Vorbereitung und Organisation des Festes, den Kindern f\u00fcr die tolle Auff\u00fchrung und den Eltern f\u00fcr die Zusammenstellung des leckeren Buffets. Ein ganz besonderes Dankesch\u00f6n geht an unsere &#8222;IKA-Band&#8220;, die wie immer f\u00fcr gute Laune gesorgt haben.<\/p>\n","protected":false},"excerpt":{"rendered":"<p>Nach zwei Jahren Corona-Pause konnte endlich unser j\u00e4hrliches Sommerfest wieder stattfinden. Gro\u00df und Klein haben ausgiebig gefeiert. Es gab verschiedene Aktionsst\u00e4nde f\u00fcr die Kinder, tolle Musik und leckeres Essen. Wir danken dem Team und dem Elternbeirat f\u00fcr die Vorbereitung und [&hellip;]<\/p>\n","protected":false},"author":1,"featured_media":0,"comment_status":"closed","ping_status":"closed","sticky":false,"template":"","format":"standard","meta":{"footnotes":""},"categories":[2],"tags":[],"class_list":["post-952","post","type-post","status-publish","format-standard","hentry","category-allgemein-de"],"_links":{"self":[{"href":"https:\/\/internationales-kinderhaus.de\/ika-2024\/wp-json\/wp\/v2\/posts\/952","targetHints":{"allow":["GET"]}}],"collection":[{"href":"https:\/\/internationales-kinderhaus.de\/ika-2024\/wp-json\/wp\/v2\/posts"}],"about":[{"href":"https:\/\/internationales-kinderhaus.de\/ika-2024\/wp-json\/wp\/v2\/types\/post"}],"author":[{"embeddable":true,"href":"https:\/\/internationales-kinderhaus.de\/ika-2024\/wp-json\/wp\/v2\/users\/1"}],"replies":[{"embeddable":true,"href":"https:\/\/internationales-kinderhaus.de\/ika-2024\/wp-json\/wp\/v2\/comments?post=952"}],"version-history":[{"count":0,"href":"https:\/\/internationales-kinderhaus.de\/ika-2024\/wp-json\/wp\/v2\/posts\/952\/revisions"}],"wp:attachment":[{"href":"https:\/\/internationales-kinderhaus.de\/ika-2024\/wp-json\/wp\/v2\/media?parent=952"}],"wp:term":[{"taxonomy":"category","embeddable":true,"href":"https:\/\/internationales-kinderhaus.de\/ika-2024\/wp-json\/wp\/v2\/categories?post=952"},{"taxonomy":"post_tag","embeddable":true,"href":"https:\/\/internationales-kinderhaus.de\/ika-2024\/wp-json\/wp\/v2\/tags?post=952"}],"curies":[{"name":"wp","href":"https:\/\/api.w.org\/{rel}","templated":true}]}}