{"id":925,"date":"2022-06-01T15:23:31","date_gmt":"2022-06-01T13:23:31","guid":{"rendered":"http:\/\/internationales-kinderhaus.de\/?p=925"},"modified":"2022-06-01T15:23:31","modified_gmt":"2022-06-01T13:23:31","slug":"anmeldeprozess-fuer-das-kita-jahr-202223-abgeschlossen","status":"publish","type":"post","link":"https:\/\/internationales-kinderhaus.de\/ika-2024\/anmeldeprozess-fuer-das-kita-jahr-202223-abgeschlossen\/","title":{"rendered":"Anmeldeprozess f\u00fcr das Kita-Jahr 2022\/23 abgeschlossen"},"content":{"rendered":"<p>Wir haben nun alle Pl\u00e4tze f\u00fcr das kommende Kita-Jahr 2022\/23 belegt. Der diesj\u00e4hrige Anmeldeprozess ist damit abgeschlossen. Wir bedanken uns bei allen Familien, die sich bei uns beworben haben, f\u00fcr das entgegengebrachte Vertrauen und bedauern, dass wir wieder so vielen absagen mussten. Aktuell ist leider nur noch eine Anmeldung f\u00fcr unsere Warteliste m\u00f6glich &#8211; f\u00fcr den Fall, dass unter dem Jahr ein Platz frei wird. Bitte nutzen Sie hierf\u00fcr weiterhin das Kita-Portal der Stadt Augsburg. Wir m\u00fcssen allerdings darauf hinweisen, dass sich bereits sehr viele Familien f\u00fcr die Warteliste gemeldet haben und die Chancen auf einen Platz sehr gering sind.<\/p>\n<p>&nbsp;<\/p>\n<p>&nbsp;<\/p>\n","protected":false},"excerpt":{"rendered":"<p>Wir haben nun alle Pl\u00e4tze f\u00fcr das kommende Kita-Jahr 2022\/23 belegt. Der diesj\u00e4hrige Anmeldeprozess ist damit abgeschlossen. Wir bedanken uns bei allen Familien, die sich bei uns beworben haben, f\u00fcr das entgegengebrachte Vertrauen und bedauern, dass wir wieder so vielen [&hellip;]<\/p>\n","protected":false},"author":1,"featured_media":0,"comment_status":"closed","ping_status":"closed","sticky":false,"template":"","format":"standard","meta":{"footnotes":""},"categories":[2],"tags":[],"class_list":["post-925","post","type-post","status-publish","format-standard","hentry","category-allgemein-de"],"_links":{"self":[{"href":"https:\/\/internationales-kinderhaus.de\/ika-2024\/wp-json\/wp\/v2\/posts\/925","targetHints":{"allow":["GET"]}}],"collection":[{"href":"https:\/\/internationales-kinderhaus.de\/ika-2024\/wp-json\/wp\/v2\/posts"}],"about":[{"href":"https:\/\/internationales-kinderhaus.de\/ika-2024\/wp-json\/wp\/v2\/types\/post"}],"author":[{"embeddable":true,"href":"https:\/\/internationales-kinderhaus.de\/ika-2024\/wp-json\/wp\/v2\/users\/1"}],"replies":[{"embeddable":true,"href":"https:\/\/internationales-kinderhaus.de\/ika-2024\/wp-json\/wp\/v2\/comments?post=925"}],"version-history":[{"count":0,"href":"https:\/\/internationales-kinderhaus.de\/ika-2024\/wp-json\/wp\/v2\/posts\/925\/revisions"}],"wp:attachment":[{"href":"https:\/\/internationales-kinderhaus.de\/ika-2024\/wp-json\/wp\/v2\/media?parent=925"}],"wp:term":[{"taxonomy":"category","embeddable":true,"href":"https:\/\/internationales-kinderhaus.de\/ika-2024\/wp-json\/wp\/v2\/categories?post=925"},{"taxonomy":"post_tag","embeddable":true,"href":"https:\/\/internationales-kinderhaus.de\/ika-2024\/wp-json\/wp\/v2\/tags?post=925"}],"curies":[{"name":"wp","href":"https:\/\/api.w.org\/{rel}","templated":true}]}}