{"id":682,"date":"2020-12-11T16:59:40","date_gmt":"2020-12-11T15:59:40","guid":{"rendered":"http:\/\/internationales-kinderhaus.de\/?p=682"},"modified":"2020-12-11T16:59:40","modified_gmt":"2020-12-11T15:59:40","slug":"anmeldung-fuer-das-kita-jahr-20202021-2","status":"publish","type":"post","link":"https:\/\/internationales-kinderhaus.de\/ika-2024\/anmeldung-fuer-das-kita-jahr-20202021-2\/","title":{"rendered":"Anmeldung f\u00fcr das Kita-Jahr 2021\/2022"},"content":{"rendered":"<p>Liebe Eltern,<\/p>\n<p>die Anmeldezeit f\u00fcr das Kita-Jahr 2021\/22 hat begonnen. Aufgrund der anhaltenden Corona-Pandemie kann unser Tag der offenen T\u00fcr in diesem Jahr leider nicht stattfinden. Wir sind deshalb gerade dabei, unsere Homepage zu \u00fcberarbeiten und Ihnen hier noch weitere Informationen \u00fcber uns, unser Haus und unsere Arbeit zur Verf\u00fcgung zu stellen. Schauen Sie doch in den n\u00e4chsten Wochen immer mal wieder vorbei. Falls Sie Ihr Kind bei uns anmelden wollen, finden Sie unser Anmeldeformular <a href=\"http:\/\/internationales-kinderhaus.de\/anmeldeverfahren\/\"><em>hier <\/em><\/a>oder unter dem Punkt Anmeldung. Bitte f\u00fcllen Sie es aus und lassen es uns per Post oder E-Mail zukommen.<\/p>\n<p>Anmeldeschluss f\u00fcr das im September 2021 beginnende Kita-Jahr 2021\/22 ist der 15.02.2021. Falls es noch offene Fragen gibt, rufen Sie uns gerne an.<\/p>\n<p>Viele Gr\u00fc\u00dfe<br \/>\nIhr Team des Internationalen Kinderhaus Augsburg<\/p>\n","protected":false},"excerpt":{"rendered":"<p>Liebe Eltern, die Anmeldezeit f\u00fcr das Kita-Jahr 2021\/22 hat begonnen. Aufgrund der anhaltenden Corona-Pandemie kann unser Tag der offenen T\u00fcr in diesem Jahr leider nicht stattfinden. Wir sind deshalb gerade dabei, unsere Homepage zu \u00fcberarbeiten und Ihnen hier noch weitere [&hellip;]<\/p>\n","protected":false},"author":1,"featured_media":0,"comment_status":"closed","ping_status":"closed","sticky":false,"template":"","format":"standard","meta":{"footnotes":""},"categories":[2],"tags":[],"class_list":["post-682","post","type-post","status-publish","format-standard","hentry","category-allgemein-de"],"_links":{"self":[{"href":"https:\/\/internationales-kinderhaus.de\/ika-2024\/wp-json\/wp\/v2\/posts\/682","targetHints":{"allow":["GET"]}}],"collection":[{"href":"https:\/\/internationales-kinderhaus.de\/ika-2024\/wp-json\/wp\/v2\/posts"}],"about":[{"href":"https:\/\/internationales-kinderhaus.de\/ika-2024\/wp-json\/wp\/v2\/types\/post"}],"author":[{"embeddable":true,"href":"https:\/\/internationales-kinderhaus.de\/ika-2024\/wp-json\/wp\/v2\/users\/1"}],"replies":[{"embeddable":true,"href":"https:\/\/internationales-kinderhaus.de\/ika-2024\/wp-json\/wp\/v2\/comments?post=682"}],"version-history":[{"count":0,"href":"https:\/\/internationales-kinderhaus.de\/ika-2024\/wp-json\/wp\/v2\/posts\/682\/revisions"}],"wp:attachment":[{"href":"https:\/\/internationales-kinderhaus.de\/ika-2024\/wp-json\/wp\/v2\/media?parent=682"}],"wp:term":[{"taxonomy":"category","embeddable":true,"href":"https:\/\/internationales-kinderhaus.de\/ika-2024\/wp-json\/wp\/v2\/categories?post=682"},{"taxonomy":"post_tag","embeddable":true,"href":"https:\/\/internationales-kinderhaus.de\/ika-2024\/wp-json\/wp\/v2\/tags?post=682"}],"curies":[{"name":"wp","href":"https:\/\/api.w.org\/{rel}","templated":true}]}}