{"id":361,"date":"2020-03-16T13:42:24","date_gmt":"2020-03-16T12:42:24","guid":{"rendered":"http:\/\/internationales-kinderhaus.de\/?p=361"},"modified":"2020-03-16T13:42:24","modified_gmt":"2020-03-16T12:42:24","slug":"voruebergehend-geschlossen","status":"publish","type":"post","link":"https:\/\/internationales-kinderhaus.de\/ika-2024\/voruebergehend-geschlossen\/","title":{"rendered":"Vor\u00fcbergehend geschlossen"},"content":{"rendered":"<p>LIebe Eltern,<\/p>\n<p>das IKA bleibt in der Zeit vom 16.03.2020 bis 19.04.2020 wie alle Schulen und Kindertagesst\u00e4tten in Bayern geschlossen. Sie erreichen uns w\u00e4hrend dieser Zeit ausschlie\u00dflich \u00fcber unsere EMail-Adresse info@internationales-kinderhaus.de.<\/p>\n<p>Weitere Informationen entnehmen Sie bitte der Elterninformation des Bayerischen Staatsministerium f\u00fcr Familie, Arbeit und Soziales.<\/p>\n<p><a href=\"http:\/\/internationales-kinderhaus.de\/ika-wp\/wp-content\/uploads\/328-NL-Coronavirus-Elterninfo.pdf\" rel=\"\">328 NL Coronavirus Elterninfo<\/a><\/p>\n<p><a href=\"http:\/\/internationales-kinderhaus.de\/ika-wp\/wp-content\/uploads\/2_en_informationsblatt_eltern_fur_nl_328_final.pdf\" rel=\"\">2_en_informationsblatt_eltern_fur_nl_328_final<\/a><\/p>\n<p>&nbsp;<\/p>\n","protected":false},"excerpt":{"rendered":"<p>LIebe Eltern, das IKA bleibt in der Zeit vom 16.03.2020 bis 19.04.2020 wie alle Schulen und Kindertagesst\u00e4tten in Bayern geschlossen. Sie erreichen uns w\u00e4hrend dieser Zeit ausschlie\u00dflich \u00fcber unsere EMail-Adresse info@internationales-kinderhaus.de. Weitere Informationen entnehmen Sie bitte der Elterninformation des Bayerischen [&hellip;]<\/p>\n","protected":false},"author":1,"featured_media":0,"comment_status":"closed","ping_status":"closed","sticky":false,"template":"","format":"standard","meta":{"footnotes":""},"categories":[2],"tags":[],"class_list":["post-361","post","type-post","status-publish","format-standard","hentry","category-allgemein-de"],"_links":{"self":[{"href":"https:\/\/internationales-kinderhaus.de\/ika-2024\/wp-json\/wp\/v2\/posts\/361","targetHints":{"allow":["GET"]}}],"collection":[{"href":"https:\/\/internationales-kinderhaus.de\/ika-2024\/wp-json\/wp\/v2\/posts"}],"about":[{"href":"https:\/\/internationales-kinderhaus.de\/ika-2024\/wp-json\/wp\/v2\/types\/post"}],"author":[{"embeddable":true,"href":"https:\/\/internationales-kinderhaus.de\/ika-2024\/wp-json\/wp\/v2\/users\/1"}],"replies":[{"embeddable":true,"href":"https:\/\/internationales-kinderhaus.de\/ika-2024\/wp-json\/wp\/v2\/comments?post=361"}],"version-history":[{"count":0,"href":"https:\/\/internationales-kinderhaus.de\/ika-2024\/wp-json\/wp\/v2\/posts\/361\/revisions"}],"wp:attachment":[{"href":"https:\/\/internationales-kinderhaus.de\/ika-2024\/wp-json\/wp\/v2\/media?parent=361"}],"wp:term":[{"taxonomy":"category","embeddable":true,"href":"https:\/\/internationales-kinderhaus.de\/ika-2024\/wp-json\/wp\/v2\/categories?post=361"},{"taxonomy":"post_tag","embeddable":true,"href":"https:\/\/internationales-kinderhaus.de\/ika-2024\/wp-json\/wp\/v2\/tags?post=361"}],"curies":[{"name":"wp","href":"https:\/\/api.w.org\/{rel}","templated":true}]}}