{"id":356,"date":"2020-01-16T12:07:56","date_gmt":"2020-01-16T11:07:56","guid":{"rendered":"http:\/\/internationales-kinderhaus.de\/?p=356"},"modified":"2020-01-16T12:07:56","modified_gmt":"2020-01-16T11:07:56","slug":"fruehjahrs-flohmarkt-fuer-kindersachen","status":"publish","type":"post","link":"https:\/\/internationales-kinderhaus.de\/ika-2024\/fruehjahrs-flohmarkt-fuer-kindersachen\/","title":{"rendered":"Fr\u00fchjahrs-Flohmarkt f\u00fcr Kindersachen"},"content":{"rendered":"<p>Wir laden alle Flohmarkt-Begeisterten ganz herzlich zu unserem <strong>Fr\u00fchjahrs-Flohmarkt<\/strong> ein.<\/p>\n<p>Dieser findet statt:<\/p>\n<p><strong>am 22.03.2020 von 9:00 Uhr &#8211; 12:00 Uhr<\/strong><\/p>\n<p>Wo? Internationales Kinderhaus Augsburg, Sch\u00e4fflerbachstra\u00dfe 28, 86153 Augsburg.<\/p>\n<p>In unserem Elterncaf\u00e9 bieten wir au\u00dferdem Kaffee und Kuchen f\u00fcr alle Flohmarkt-Besucher.<\/p>\n<p>Verk\u00e4ufer k\u00f6nnen sich ab 01.02.2020 anmelden. Die Standgeb\u00fchr betr\u00e4gt: 10 \u20ac (gro\u00dfer Tisch) bzw. 6 \u20ac (kleiner Tisch). Tische werden vom IKA gestellt. Bei sch\u00f6nem Wetter ist es auch m\u00f6glich in unserem Innenhof mit einem eigenen Tisch zu verkaufen. Der Aufbau erfolgt ab 8:00 Uhr.<\/p>\n<p>Anmeldungen bitte an: flohmarkt@internationales-kinderhaus.de.<\/p>\n","protected":false},"excerpt":{"rendered":"<p>Wir laden alle Flohmarkt-Begeisterten ganz herzlich zu unserem Fr\u00fchjahrs-Flohmarkt ein. Dieser findet statt: am 22.03.2020 von 9:00 Uhr &#8211; 12:00 Uhr Wo? Internationales Kinderhaus Augsburg, Sch\u00e4fflerbachstra\u00dfe 28, 86153 Augsburg. In unserem Elterncaf\u00e9 bieten wir au\u00dferdem Kaffee und Kuchen f\u00fcr alle [&hellip;]<\/p>\n","protected":false},"author":1,"featured_media":0,"comment_status":"closed","ping_status":"closed","sticky":false,"template":"","format":"standard","meta":{"footnotes":""},"categories":[2],"tags":[],"class_list":["post-356","post","type-post","status-publish","format-standard","hentry","category-allgemein-de"],"_links":{"self":[{"href":"https:\/\/internationales-kinderhaus.de\/ika-2024\/wp-json\/wp\/v2\/posts\/356","targetHints":{"allow":["GET"]}}],"collection":[{"href":"https:\/\/internationales-kinderhaus.de\/ika-2024\/wp-json\/wp\/v2\/posts"}],"about":[{"href":"https:\/\/internationales-kinderhaus.de\/ika-2024\/wp-json\/wp\/v2\/types\/post"}],"author":[{"embeddable":true,"href":"https:\/\/internationales-kinderhaus.de\/ika-2024\/wp-json\/wp\/v2\/users\/1"}],"replies":[{"embeddable":true,"href":"https:\/\/internationales-kinderhaus.de\/ika-2024\/wp-json\/wp\/v2\/comments?post=356"}],"version-history":[{"count":0,"href":"https:\/\/internationales-kinderhaus.de\/ika-2024\/wp-json\/wp\/v2\/posts\/356\/revisions"}],"wp:attachment":[{"href":"https:\/\/internationales-kinderhaus.de\/ika-2024\/wp-json\/wp\/v2\/media?parent=356"}],"wp:term":[{"taxonomy":"category","embeddable":true,"href":"https:\/\/internationales-kinderhaus.de\/ika-2024\/wp-json\/wp\/v2\/categories?post=356"},{"taxonomy":"post_tag","embeddable":true,"href":"https:\/\/internationales-kinderhaus.de\/ika-2024\/wp-json\/wp\/v2\/tags?post=356"}],"curies":[{"name":"wp","href":"https:\/\/api.w.org\/{rel}","templated":true}]}}