{"id":350,"date":"2019-11-26T13:35:48","date_gmt":"2019-11-26T12:35:48","guid":{"rendered":"http:\/\/internationales-kinderhaus.de\/?p=350"},"modified":"2019-11-26T13:35:48","modified_gmt":"2019-11-26T12:35:48","slug":"tag-der-offenen-tuero-2020","status":"publish","type":"post","link":"https:\/\/internationales-kinderhaus.de\/ika-2024\/tag-der-offenen-tuero-2020\/","title":{"rendered":"Tag der offenen T\u00fcr 2020"},"content":{"rendered":"<p>Wir m\u00f6chten alle interessierten Eltern zu unserem<\/p>\n<p><strong>Tag der offenen T\u00fcr<\/strong><\/p>\n<p>am <strong>18.01.2020<\/strong> von <strong>14:00 \u2013 16:30 Uhr<\/strong> im IKA in der Sch\u00e4fflerbachstra\u00dfe 28 einladen<\/p>\n<p>Lernen Sie uns und unser Haus an diesem Tag kennen und informieren Sie sich \u00fcber unser zweisprachiges Konzept und unsere p\u00e4dagogische Arbeit im Allgemeinen. Sie haben au\u00dferdem die M\u00f6glichkeit, Ihr Kind f\u00fcr Krippe, Kindergarten oder Hort anzumelden. Anmeldungen f\u00fcr das Kita-Jahr 2020\/2021 nehmen wir in der Folge noch bis zum 03.02.2020 entgegen.<\/p>\n<p>Das p\u00e4dagogische Team, die Vorst\u00e4nde unseres Eltern-Tr\u00e4gervereins und der Elternbeirat erwarten Sie und stehen Ihnen f\u00fcr Fragen zur Verf\u00fcgung. Wir freuen uns auf Ihren Besuch.<\/p>\n","protected":false},"excerpt":{"rendered":"<p>Wir m\u00f6chten alle interessierten Eltern zu unserem Tag der offenen T\u00fcr am 18.01.2020 von 14:00 \u2013 16:30 Uhr im IKA in der Sch\u00e4fflerbachstra\u00dfe 28 einladen Lernen Sie uns und unser Haus an diesem Tag kennen und informieren Sie sich \u00fcber [&hellip;]<\/p>\n","protected":false},"author":1,"featured_media":0,"comment_status":"closed","ping_status":"closed","sticky":false,"template":"","format":"standard","meta":{"footnotes":""},"categories":[2],"tags":[],"class_list":["post-350","post","type-post","status-publish","format-standard","hentry","category-allgemein-de"],"_links":{"self":[{"href":"https:\/\/internationales-kinderhaus.de\/ika-2024\/wp-json\/wp\/v2\/posts\/350","targetHints":{"allow":["GET"]}}],"collection":[{"href":"https:\/\/internationales-kinderhaus.de\/ika-2024\/wp-json\/wp\/v2\/posts"}],"about":[{"href":"https:\/\/internationales-kinderhaus.de\/ika-2024\/wp-json\/wp\/v2\/types\/post"}],"author":[{"embeddable":true,"href":"https:\/\/internationales-kinderhaus.de\/ika-2024\/wp-json\/wp\/v2\/users\/1"}],"replies":[{"embeddable":true,"href":"https:\/\/internationales-kinderhaus.de\/ika-2024\/wp-json\/wp\/v2\/comments?post=350"}],"version-history":[{"count":0,"href":"https:\/\/internationales-kinderhaus.de\/ika-2024\/wp-json\/wp\/v2\/posts\/350\/revisions"}],"wp:attachment":[{"href":"https:\/\/internationales-kinderhaus.de\/ika-2024\/wp-json\/wp\/v2\/media?parent=350"}],"wp:term":[{"taxonomy":"category","embeddable":true,"href":"https:\/\/internationales-kinderhaus.de\/ika-2024\/wp-json\/wp\/v2\/categories?post=350"},{"taxonomy":"post_tag","embeddable":true,"href":"https:\/\/internationales-kinderhaus.de\/ika-2024\/wp-json\/wp\/v2\/tags?post=350"}],"curies":[{"name":"wp","href":"https:\/\/api.w.org\/{rel}","templated":true}]}}