{"id":317,"date":"2019-03-04T10:07:35","date_gmt":"2019-03-04T09:07:35","guid":{"rendered":"http:\/\/internationales-kinderhaus.de\/?p=317"},"modified":"2019-03-04T10:07:35","modified_gmt":"2019-03-04T09:07:35","slug":"einladung-zum-flohmarkt-fuer-kindersachen-am-06-04-2019","status":"publish","type":"post","link":"https:\/\/internationales-kinderhaus.de\/ika-2024\/einladung-zum-flohmarkt-fuer-kindersachen-am-06-04-2019\/","title":{"rendered":"Einladung zum Flohmarkt f\u00fcr Kindersachen am 06.04.2019"},"content":{"rendered":"<p>Wir laden alle Flohmarkt-Begeisterten ganz herzlich zu unserem Fr\u00fchjahrs-Flohmarkt ein:<\/p>\n<p><strong>06.04.2019 von 9:00 Uhr &#8211; 12:00 Uhr<\/strong><\/p>\n<p>Internationales Kinderhaus Augsburg, Sch\u00e4fflerbachstra\u00dfe 28, 86153 Augsburg.<\/p>\n<p>Nach dem St\u00f6bern gibt es in unserem Elterncaf\u00e9 Kaffee und Kuchen. Wir freuen uns \u00fcber zahlreiche Besucher.<\/p>\n<p>Verk\u00e4ufer k\u00f6nnen sich ab sofort anmelden. Die Standgeb\u00fchr betr\u00e4gt: 10 \u20ac (gro\u00dfer Tisch) bzw. 6 \u20ac (kleiner Tisch). Tische werden vom IKA gestellt. Bei sch\u00f6nem Wetter ist es auch m\u00f6glich in unserem Innenhof mit einem eigenen Tisch zu verkaufen. Der Aufbau erfolgt ab 8:00 Uhr.<\/p>\n<p>Anmeldungen bitte an: flohmarkt@internationales-kinderhaus.de.<\/p>\n","protected":false},"excerpt":{"rendered":"<p>Wir laden alle Flohmarkt-Begeisterten ganz herzlich zu unserem Fr\u00fchjahrs-Flohmarkt ein: 06.04.2019 von 9:00 Uhr &#8211; 12:00 Uhr Internationales Kinderhaus Augsburg, Sch\u00e4fflerbachstra\u00dfe 28, 86153 Augsburg. Nach dem St\u00f6bern gibt es in unserem Elterncaf\u00e9 Kaffee und Kuchen. Wir freuen uns \u00fcber zahlreiche [&hellip;]<\/p>\n","protected":false},"author":1,"featured_media":0,"comment_status":"closed","ping_status":"closed","sticky":false,"template":"","format":"standard","meta":{"footnotes":""},"categories":[2],"tags":[],"class_list":["post-317","post","type-post","status-publish","format-standard","hentry","category-allgemein-de"],"_links":{"self":[{"href":"https:\/\/internationales-kinderhaus.de\/ika-2024\/wp-json\/wp\/v2\/posts\/317","targetHints":{"allow":["GET"]}}],"collection":[{"href":"https:\/\/internationales-kinderhaus.de\/ika-2024\/wp-json\/wp\/v2\/posts"}],"about":[{"href":"https:\/\/internationales-kinderhaus.de\/ika-2024\/wp-json\/wp\/v2\/types\/post"}],"author":[{"embeddable":true,"href":"https:\/\/internationales-kinderhaus.de\/ika-2024\/wp-json\/wp\/v2\/users\/1"}],"replies":[{"embeddable":true,"href":"https:\/\/internationales-kinderhaus.de\/ika-2024\/wp-json\/wp\/v2\/comments?post=317"}],"version-history":[{"count":0,"href":"https:\/\/internationales-kinderhaus.de\/ika-2024\/wp-json\/wp\/v2\/posts\/317\/revisions"}],"wp:attachment":[{"href":"https:\/\/internationales-kinderhaus.de\/ika-2024\/wp-json\/wp\/v2\/media?parent=317"}],"wp:term":[{"taxonomy":"category","embeddable":true,"href":"https:\/\/internationales-kinderhaus.de\/ika-2024\/wp-json\/wp\/v2\/categories?post=317"},{"taxonomy":"post_tag","embeddable":true,"href":"https:\/\/internationales-kinderhaus.de\/ika-2024\/wp-json\/wp\/v2\/tags?post=317"}],"curies":[{"name":"wp","href":"https:\/\/api.w.org\/{rel}","templated":true}]}}