{"id":308,"date":"2019-01-08T09:59:27","date_gmt":"2019-01-08T08:59:27","guid":{"rendered":"http:\/\/internationales-kinderhaus.de\/?p=308"},"modified":"2019-01-08T09:59:27","modified_gmt":"2019-01-08T08:59:27","slug":"tag-der-offenen-tuer-2019-2","status":"publish","type":"post","link":"https:\/\/internationales-kinderhaus.de\/ika-2024\/tag-der-offenen-tuer-2019-2\/","title":{"rendered":"Tag der offenen T\u00fcr 2019"},"content":{"rendered":"<p>Wir laden alle interessierten Eltern ein, uns und unser Haus am <strong>Tag der offenen T\u00fcr<\/strong> n\u00e4her kennenzulernen.<\/p>\n<p>Besuchen Sie uns<\/p>\n<p>am <strong>19.01.2019<\/strong> von <strong>14:00 &#8211; 16:30 Uhr<\/strong> im IKA, Sch\u00e4fflerbachstra\u00dfe 28<\/p>\n<p>und informieren Sie sich \u00fcber unser zweisprachiges Konzept und die p\u00e4dagogische Arbeit in unserem Haus. Sie haben au\u00dferdem an diesem Tag die M\u00f6glichkeit, Ihr Kind f\u00fcr Krippe, Kindergarten oder Hort anzumelden. Dar\u00fcber hinaus nehmen wir Anmeldungen f\u00fcr das Kita-Jahr 2019\/2020 noch bis zum 04.02.2019 entgegen.<\/p>\n<p>Das p\u00e4dagogische Team, die Vorst\u00e4nde unseres Eltern-Tr\u00e4gervereins und der Elternbeirat erwarten Sie und stehen Ihnen f\u00fcr Fragen zur Verf\u00fcgung. Wir freuen uns auf Ihren Besuch.<\/p>\n","protected":false},"excerpt":{"rendered":"<p>Wir laden alle interessierten Eltern ein, uns und unser Haus am Tag der offenen T\u00fcr n\u00e4her kennenzulernen. Besuchen Sie uns am 19.01.2019 von 14:00 &#8211; 16:30 Uhr im IKA, Sch\u00e4fflerbachstra\u00dfe 28 und informieren Sie sich \u00fcber unser zweisprachiges Konzept und [&hellip;]<\/p>\n","protected":false},"author":1,"featured_media":0,"comment_status":"closed","ping_status":"closed","sticky":false,"template":"","format":"standard","meta":{"footnotes":""},"categories":[2],"tags":[],"class_list":["post-308","post","type-post","status-publish","format-standard","hentry","category-allgemein-de"],"_links":{"self":[{"href":"https:\/\/internationales-kinderhaus.de\/ika-2024\/wp-json\/wp\/v2\/posts\/308","targetHints":{"allow":["GET"]}}],"collection":[{"href":"https:\/\/internationales-kinderhaus.de\/ika-2024\/wp-json\/wp\/v2\/posts"}],"about":[{"href":"https:\/\/internationales-kinderhaus.de\/ika-2024\/wp-json\/wp\/v2\/types\/post"}],"author":[{"embeddable":true,"href":"https:\/\/internationales-kinderhaus.de\/ika-2024\/wp-json\/wp\/v2\/users\/1"}],"replies":[{"embeddable":true,"href":"https:\/\/internationales-kinderhaus.de\/ika-2024\/wp-json\/wp\/v2\/comments?post=308"}],"version-history":[{"count":0,"href":"https:\/\/internationales-kinderhaus.de\/ika-2024\/wp-json\/wp\/v2\/posts\/308\/revisions"}],"wp:attachment":[{"href":"https:\/\/internationales-kinderhaus.de\/ika-2024\/wp-json\/wp\/v2\/media?parent=308"}],"wp:term":[{"taxonomy":"category","embeddable":true,"href":"https:\/\/internationales-kinderhaus.de\/ika-2024\/wp-json\/wp\/v2\/categories?post=308"},{"taxonomy":"post_tag","embeddable":true,"href":"https:\/\/internationales-kinderhaus.de\/ika-2024\/wp-json\/wp\/v2\/tags?post=308"}],"curies":[{"name":"wp","href":"https:\/\/api.w.org\/{rel}","templated":true}]}}