{"id":262,"date":"2018-02-24T08:08:44","date_gmt":"2018-02-24T07:08:44","guid":{"rendered":"http:\/\/internationales-kinderhaus.de\/?p=262"},"modified":"2018-02-24T08:08:44","modified_gmt":"2018-02-24T07:08:44","slug":"flohmarkt-fuer-kindersachen-am-15-april","status":"publish","type":"post","link":"https:\/\/internationales-kinderhaus.de\/ika-2024\/flohmarkt-fuer-kindersachen-am-15-april\/","title":{"rendered":"Flohmarkt f\u00fcr Kindersachen am 15. April"},"content":{"rendered":"<p>Wir laden ganz herzlich zu unserem Fr\u00fchjahrs-Flohmarkt ein am 15.04.2018 von 9:00 Uhr &#8211; 12:00 Uhr im Internationales Kinderhaus Augsburg, Sch\u00e4fflerbachstra\u00dfe 28, 86153 Augsburg. Nach dem St\u00f6bern gibt es in unserem Elterncaf\u00e9 Kaffee und Kuchen. Wir freuen uns \u00fcber zahlreiche Besucher.<\/p>\n<p>Verk\u00e4ufer k\u00f6nnen sich ab sofort anmelden. Die Standgeb\u00fchr betr\u00e4gt: 7 \u20ac (gro\u00dfer Tisch) bzw. 5 \u20ac (kleiner Tisch). Tische werden vom IKA gestellt. Der Aufbau erfolgt ab 8:00 Uhr. Anmeldungen bitte an: info@internationales-kinderhaus.de.<\/p>\n<p>&nbsp;<\/p>\n","protected":false},"excerpt":{"rendered":"<p>Wir laden ganz herzlich zu unserem Fr\u00fchjahrs-Flohmarkt ein am 15.04.2018 von 9:00 Uhr &#8211; 12:00 Uhr im Internationales Kinderhaus Augsburg, Sch\u00e4fflerbachstra\u00dfe 28, 86153 Augsburg. Nach dem St\u00f6bern gibt es in unserem Elterncaf\u00e9 Kaffee und Kuchen. Wir freuen uns \u00fcber zahlreiche [&hellip;]<\/p>\n","protected":false},"author":1,"featured_media":0,"comment_status":"closed","ping_status":"closed","sticky":false,"template":"","format":"standard","meta":{"footnotes":""},"categories":[2],"tags":[],"class_list":["post-262","post","type-post","status-publish","format-standard","hentry","category-allgemein-de"],"_links":{"self":[{"href":"https:\/\/internationales-kinderhaus.de\/ika-2024\/wp-json\/wp\/v2\/posts\/262","targetHints":{"allow":["GET"]}}],"collection":[{"href":"https:\/\/internationales-kinderhaus.de\/ika-2024\/wp-json\/wp\/v2\/posts"}],"about":[{"href":"https:\/\/internationales-kinderhaus.de\/ika-2024\/wp-json\/wp\/v2\/types\/post"}],"author":[{"embeddable":true,"href":"https:\/\/internationales-kinderhaus.de\/ika-2024\/wp-json\/wp\/v2\/users\/1"}],"replies":[{"embeddable":true,"href":"https:\/\/internationales-kinderhaus.de\/ika-2024\/wp-json\/wp\/v2\/comments?post=262"}],"version-history":[{"count":0,"href":"https:\/\/internationales-kinderhaus.de\/ika-2024\/wp-json\/wp\/v2\/posts\/262\/revisions"}],"wp:attachment":[{"href":"https:\/\/internationales-kinderhaus.de\/ika-2024\/wp-json\/wp\/v2\/media?parent=262"}],"wp:term":[{"taxonomy":"category","embeddable":true,"href":"https:\/\/internationales-kinderhaus.de\/ika-2024\/wp-json\/wp\/v2\/categories?post=262"},{"taxonomy":"post_tag","embeddable":true,"href":"https:\/\/internationales-kinderhaus.de\/ika-2024\/wp-json\/wp\/v2\/tags?post=262"}],"curies":[{"name":"wp","href":"https:\/\/api.w.org\/{rel}","templated":true}]}}