{"id":242,"date":"2017-10-25T10:47:24","date_gmt":"2017-10-25T08:47:24","guid":{"rendered":"http:\/\/internationales-kinderhaus.de\/?p=242"},"modified":"2017-10-25T10:47:24","modified_gmt":"2017-10-25T08:47:24","slug":"tag-der-offenen-tuer-2018-krippe-kindergarten-hort","status":"publish","type":"post","link":"https:\/\/internationales-kinderhaus.de\/ika-2024\/tag-der-offenen-tuer-2018-krippe-kindergarten-hort\/","title":{"rendered":"Tag der offenen T\u00fcr 2018 &#8211; Krippe, Kindergarten, Hort"},"content":{"rendered":"<p>Wir bieten allen interessierten Eltern die M\u00f6glichkeit, uns und unser Haus am <strong>Tag der offenen T\u00fcr<\/strong> n\u00e4her kennenzulernen.<\/p>\n<p>Besuchen Sie uns<\/p>\n<p>am <strong>20.01.2018<\/strong> von <strong>14:00 &#8211; 16:30 Uhr<\/strong> im IKA, Sch\u00e4fflerbachstra\u00dfe 28<\/p>\n<p>und informieren Sie sich \u00fcber unser zweisprachiges Konzept und die p\u00e4dagogische Arbeit in unserem Haus. Au\u00dferdem haben Sie an diesem Tag die M\u00f6glichkeit, Ihr Kind f\u00fcr Krippe, Kindergarten oder Hort anzumelden. Anmeldungen f\u00fcr das Kita-Jahr 2018\/2019 nehmen wir zwischen dem 20.01. &#8211; 05.02.2018\u00a0 gerne entgegen.<\/p>\n<p>Das p\u00e4dagogische Team, die Vorst\u00e4nde unseres Eltern-Tr\u00e4gervereins und der Elternbeirat erwarten Sie und stehen Ihnen f\u00fcr Fragen zur Verf\u00fcgung. Wir freuen uns auf Ihren Besuch.<\/p>\n","protected":false},"excerpt":{"rendered":"<p>Wir bieten allen interessierten Eltern die M\u00f6glichkeit, uns und unser Haus am Tag der offenen T\u00fcr n\u00e4her kennenzulernen. Besuchen Sie uns am 20.01.2018 von 14:00 &#8211; 16:30 Uhr im IKA, Sch\u00e4fflerbachstra\u00dfe 28 und informieren Sie sich \u00fcber unser zweisprachiges Konzept [&hellip;]<\/p>\n","protected":false},"author":1,"featured_media":0,"comment_status":"closed","ping_status":"closed","sticky":false,"template":"","format":"standard","meta":{"footnotes":""},"categories":[2],"tags":[],"class_list":["post-242","post","type-post","status-publish","format-standard","hentry","category-allgemein-de"],"_links":{"self":[{"href":"https:\/\/internationales-kinderhaus.de\/ika-2024\/wp-json\/wp\/v2\/posts\/242","targetHints":{"allow":["GET"]}}],"collection":[{"href":"https:\/\/internationales-kinderhaus.de\/ika-2024\/wp-json\/wp\/v2\/posts"}],"about":[{"href":"https:\/\/internationales-kinderhaus.de\/ika-2024\/wp-json\/wp\/v2\/types\/post"}],"author":[{"embeddable":true,"href":"https:\/\/internationales-kinderhaus.de\/ika-2024\/wp-json\/wp\/v2\/users\/1"}],"replies":[{"embeddable":true,"href":"https:\/\/internationales-kinderhaus.de\/ika-2024\/wp-json\/wp\/v2\/comments?post=242"}],"version-history":[{"count":0,"href":"https:\/\/internationales-kinderhaus.de\/ika-2024\/wp-json\/wp\/v2\/posts\/242\/revisions"}],"wp:attachment":[{"href":"https:\/\/internationales-kinderhaus.de\/ika-2024\/wp-json\/wp\/v2\/media?parent=242"}],"wp:term":[{"taxonomy":"category","embeddable":true,"href":"https:\/\/internationales-kinderhaus.de\/ika-2024\/wp-json\/wp\/v2\/categories?post=242"},{"taxonomy":"post_tag","embeddable":true,"href":"https:\/\/internationales-kinderhaus.de\/ika-2024\/wp-json\/wp\/v2\/tags?post=242"}],"curies":[{"name":"wp","href":"https:\/\/api.w.org\/{rel}","templated":true}]}}