{"id":208,"date":"2017-05-15T13:09:36","date_gmt":"2017-05-15T11:09:36","guid":{"rendered":"http:\/\/internationales-kinderhaus.de\/?p=208"},"modified":"2017-05-15T13:09:36","modified_gmt":"2017-05-15T11:09:36","slug":"einladung-zum-ika-sommerfest","status":"publish","type":"post","link":"https:\/\/internationales-kinderhaus.de\/ika-2024\/einladung-zum-ika-sommerfest\/","title":{"rendered":"Einladung zum IKA-Sommerfest"},"content":{"rendered":"<p>Sehen, h\u00f6ren, schmecken, riechen, f\u00fchlen \u2013 <a href=\"http:\/\/internationales-kinderhaus.de\/ika-wp\/wp-content\/uploads\/meine_Collage.jpg\" rel=\"attachment wp-att-221\"><img loading=\"lazy\" decoding=\"async\" class=\"wp-image-221 alignright\" src=\"http:\/\/internationales-kinderhaus.de\/ika-wp\/wp-content\/uploads\/meine_Collage-300x225.jpg\" alt=\"meine_Collage\" width=\"300\" height=\"225\" \/><\/a>bei unserem Sommerfest zum Thema \u201eWelt der Sinne\u201c gibt es viel zu erleben. Unsere Vorschulkinder f\u00fchren das Theaterst\u00fcck \u201eHandas \u00dcberraschung\u201c auf und f\u00fcr die Kinder gibt es Spielst\u00e4nde und Aktionen. Nat\u00fcrlich ist auch f\u00fcr das leibliche Wohl und die musikalische Untermalung wie immer bestens gesorgt.<\/p>\n<p style=\"text-align: center;\"><strong>Sommerfest<\/strong><\/p>\n<p style=\"text-align: center;\"><strong>\u201eWelt der Sinne\u201c<\/strong><\/p>\n<p style=\"text-align: center;\">Samstag, 15.07.2017<\/p>\n<p style=\"text-align: center;\">14:00 \u2013 17:00 Uhr<\/p>\n<p>Wir freuen uns auf zahlreiche Besucher. Alle Eltern, Kinder, Verwandte, Freunde und Interessenten des IKA sind herzlich eingeladen.<\/p>\n","protected":false},"excerpt":{"rendered":"<p>Sehen, h\u00f6ren, schmecken, riechen, f\u00fchlen \u2013 bei unserem Sommerfest zum Thema \u201eWelt der Sinne\u201c gibt es viel zu erleben. Unsere Vorschulkinder f\u00fchren das Theaterst\u00fcck \u201eHandas \u00dcberraschung\u201c auf und f\u00fcr die Kinder gibt es Spielst\u00e4nde und Aktionen. Nat\u00fcrlich ist auch f\u00fcr [&hellip;]<\/p>\n","protected":false},"author":1,"featured_media":0,"comment_status":"closed","ping_status":"closed","sticky":false,"template":"","format":"standard","meta":{"footnotes":""},"categories":[2],"tags":[],"class_list":["post-208","post","type-post","status-publish","format-standard","hentry","category-allgemein-de"],"_links":{"self":[{"href":"https:\/\/internationales-kinderhaus.de\/ika-2024\/wp-json\/wp\/v2\/posts\/208","targetHints":{"allow":["GET"]}}],"collection":[{"href":"https:\/\/internationales-kinderhaus.de\/ika-2024\/wp-json\/wp\/v2\/posts"}],"about":[{"href":"https:\/\/internationales-kinderhaus.de\/ika-2024\/wp-json\/wp\/v2\/types\/post"}],"author":[{"embeddable":true,"href":"https:\/\/internationales-kinderhaus.de\/ika-2024\/wp-json\/wp\/v2\/users\/1"}],"replies":[{"embeddable":true,"href":"https:\/\/internationales-kinderhaus.de\/ika-2024\/wp-json\/wp\/v2\/comments?post=208"}],"version-history":[{"count":0,"href":"https:\/\/internationales-kinderhaus.de\/ika-2024\/wp-json\/wp\/v2\/posts\/208\/revisions"}],"wp:attachment":[{"href":"https:\/\/internationales-kinderhaus.de\/ika-2024\/wp-json\/wp\/v2\/media?parent=208"}],"wp:term":[{"taxonomy":"category","embeddable":true,"href":"https:\/\/internationales-kinderhaus.de\/ika-2024\/wp-json\/wp\/v2\/categories?post=208"},{"taxonomy":"post_tag","embeddable":true,"href":"https:\/\/internationales-kinderhaus.de\/ika-2024\/wp-json\/wp\/v2\/tags?post=208"}],"curies":[{"name":"wp","href":"https:\/\/api.w.org\/{rel}","templated":true}]}}