{"id":201,"date":"2017-05-15T13:05:39","date_gmt":"2017-05-15T11:05:39","guid":{"rendered":"http:\/\/internationales-kinderhaus.de\/?p=201"},"modified":"2017-05-15T13:05:39","modified_gmt":"2017-05-15T11:05:39","slug":"wir-sagen-danke","status":"publish","type":"post","link":"https:\/\/internationales-kinderhaus.de\/ika-2024\/wir-sagen-danke\/","title":{"rendered":"Wir sagen Danke"},"content":{"rendered":"<p>Heute ist Tag der Kinderbetreuung.<\/p>\n<p>Zeit also, uns bei unserem p\u00e4dagogischen Team f\u00fcr die t\u00e4glich geleistete Arbeit mit den Kindern zu bedanken. Das hat der Vorstand &#8211; im Namen aller Eltern &#8211; heute mit einem kleinen Blumenstrau\u00df getan.<\/p>\n<p><a href=\"http:\/\/internationales-kinderhaus.de\/ika-wp\/wp-content\/uploads\/Blumen.jpg\" rel=\"attachment wp-att-204\"><img loading=\"lazy\" decoding=\"async\" class=\"alignnone size-medium wp-image-204\" src=\"http:\/\/internationales-kinderhaus.de\/ika-wp\/wp-content\/uploads\/Blumen-300x250.jpg\" alt=\"Blumen\" width=\"300\" height=\"250\" \/><\/a><\/p>\n<p>Herzlichen Dank!<\/p>\n","protected":false},"excerpt":{"rendered":"<p>Heute ist Tag der Kinderbetreuung. Zeit also, uns bei unserem p\u00e4dagogischen Team f\u00fcr die t\u00e4glich geleistete Arbeit mit den Kindern zu bedanken. Das hat der Vorstand &#8211; im Namen aller Eltern &#8211; heute mit einem kleinen Blumenstrau\u00df getan. Herzlichen Dank!<\/p>\n","protected":false},"author":1,"featured_media":202,"comment_status":"closed","ping_status":"closed","sticky":false,"template":"","format":"standard","meta":{"footnotes":""},"categories":[2],"tags":[],"class_list":["post-201","post","type-post","status-publish","format-standard","has-post-thumbnail","hentry","category-allgemein-de"],"_links":{"self":[{"href":"https:\/\/internationales-kinderhaus.de\/ika-2024\/wp-json\/wp\/v2\/posts\/201","targetHints":{"allow":["GET"]}}],"collection":[{"href":"https:\/\/internationales-kinderhaus.de\/ika-2024\/wp-json\/wp\/v2\/posts"}],"about":[{"href":"https:\/\/internationales-kinderhaus.de\/ika-2024\/wp-json\/wp\/v2\/types\/post"}],"author":[{"embeddable":true,"href":"https:\/\/internationales-kinderhaus.de\/ika-2024\/wp-json\/wp\/v2\/users\/1"}],"replies":[{"embeddable":true,"href":"https:\/\/internationales-kinderhaus.de\/ika-2024\/wp-json\/wp\/v2\/comments?post=201"}],"version-history":[{"count":0,"href":"https:\/\/internationales-kinderhaus.de\/ika-2024\/wp-json\/wp\/v2\/posts\/201\/revisions"}],"wp:featuredmedia":[{"embeddable":true,"href":"https:\/\/internationales-kinderhaus.de\/ika-2024\/wp-json\/wp\/v2\/media\/202"}],"wp:attachment":[{"href":"https:\/\/internationales-kinderhaus.de\/ika-2024\/wp-json\/wp\/v2\/media?parent=201"}],"wp:term":[{"taxonomy":"category","embeddable":true,"href":"https:\/\/internationales-kinderhaus.de\/ika-2024\/wp-json\/wp\/v2\/categories?post=201"},{"taxonomy":"post_tag","embeddable":true,"href":"https:\/\/internationales-kinderhaus.de\/ika-2024\/wp-json\/wp\/v2\/tags?post=201"}],"curies":[{"name":"wp","href":"https:\/\/api.w.org\/{rel}","templated":true}]}}