{"id":189,"date":"2016-10-27T12:57:27","date_gmt":"2016-10-27T10:57:27","guid":{"rendered":"http:\/\/internationales-kinderhaus.de\/?p=189"},"modified":"2016-10-27T12:57:27","modified_gmt":"2016-10-27T10:57:27","slug":"tag-der-offenen-tuer-krippe-kindergarten-und-hort","status":"publish","type":"post","link":"https:\/\/internationales-kinderhaus.de\/ika-2024\/tag-der-offenen-tuer-krippe-kindergarten-und-hort\/","title":{"rendered":"Tag der offenen T\u00fcr &#8211; Krippe, Kindergarten und Hort"},"content":{"rendered":"<p>Wir m\u00f6chten alle interessierten Eltern ganz herzlich zum Infotag\/Tag der offenen T\u00fcr mit der M\u00f6glichkeit zur Anmeldung Ihres Kindes f\u00fcr das Kita-Jahr 2017\/2018 einladen.<\/p>\n<p>Besuchen Sie uns<\/p>\n<p>am 28.01.2017 von 14:00 &#8211; 16:30 Uhr im IKA, Sch\u00e4fflerbachstra\u00dfe 28<\/p>\n<p>und informieren Sie sich bei unserem p\u00e4dagogischen Fachpersonal \u00fcber unser zweisprachiges Konzept und die p\u00e4dagogische Arbeit in unserem Haus. Nutzen Sie auch die M\u00f6glichkeit, sich einen ersten Eindruck von unseren R\u00e4umlichkeiten zu verschaffen.<\/p>\n<p>Das p\u00e4dagogische Team, die Vorst\u00e4nde unseres Eltern-Tr\u00e4gervereins und der Elternbeirat erwarten Sie und stehen Ihnen f\u00fcr Fragen gerne zur Verf\u00fcgung. Wir freuen uns auf Ihren Besuch.<\/p>\n","protected":false},"excerpt":{"rendered":"<p>Wir m\u00f6chten alle interessierten Eltern ganz herzlich zum Infotag\/Tag der offenen T\u00fcr mit der M\u00f6glichkeit zur Anmeldung Ihres Kindes f\u00fcr das Kita-Jahr 2017\/2018 einladen. Besuchen Sie uns am 28.01.2017 von 14:00 &#8211; 16:30 Uhr im IKA, Sch\u00e4fflerbachstra\u00dfe 28 und informieren [&hellip;]<\/p>\n","protected":false},"author":1,"featured_media":0,"comment_status":"closed","ping_status":"closed","sticky":false,"template":"","format":"standard","meta":{"footnotes":""},"categories":[2],"tags":[],"class_list":["post-189","post","type-post","status-publish","format-standard","hentry","category-allgemein-de"],"_links":{"self":[{"href":"https:\/\/internationales-kinderhaus.de\/ika-2024\/wp-json\/wp\/v2\/posts\/189","targetHints":{"allow":["GET"]}}],"collection":[{"href":"https:\/\/internationales-kinderhaus.de\/ika-2024\/wp-json\/wp\/v2\/posts"}],"about":[{"href":"https:\/\/internationales-kinderhaus.de\/ika-2024\/wp-json\/wp\/v2\/types\/post"}],"author":[{"embeddable":true,"href":"https:\/\/internationales-kinderhaus.de\/ika-2024\/wp-json\/wp\/v2\/users\/1"}],"replies":[{"embeddable":true,"href":"https:\/\/internationales-kinderhaus.de\/ika-2024\/wp-json\/wp\/v2\/comments?post=189"}],"version-history":[{"count":0,"href":"https:\/\/internationales-kinderhaus.de\/ika-2024\/wp-json\/wp\/v2\/posts\/189\/revisions"}],"wp:attachment":[{"href":"https:\/\/internationales-kinderhaus.de\/ika-2024\/wp-json\/wp\/v2\/media?parent=189"}],"wp:term":[{"taxonomy":"category","embeddable":true,"href":"https:\/\/internationales-kinderhaus.de\/ika-2024\/wp-json\/wp\/v2\/categories?post=189"},{"taxonomy":"post_tag","embeddable":true,"href":"https:\/\/internationales-kinderhaus.de\/ika-2024\/wp-json\/wp\/v2\/tags?post=189"}],"curies":[{"name":"wp","href":"https:\/\/api.w.org\/{rel}","templated":true}]}}