{"id":164,"date":"2016-06-13T09:33:58","date_gmt":"2016-06-13T07:33:58","guid":{"rendered":"http:\/\/internationales-kinderhaus.de\/?p=164"},"modified":"2016-06-13T09:33:58","modified_gmt":"2016-06-13T07:33:58","slug":"uebergabe-der-sprachkita-plakette","status":"publish","type":"post","link":"https:\/\/internationales-kinderhaus.de\/ika-2024\/uebergabe-der-sprachkita-plakette\/","title":{"rendered":"\u00dcbergabe der Sprachkita-Plakette"},"content":{"rendered":"<p>Seit M\u00e4rz diesen Jahres nehmen wir am neuen Bundesprogramm &#8222;Sprach-Kitas&#8220; teil, das das vorherige Programm &#8222;Sprache und Integration&#8220; abgel\u00f6st hat. Gef\u00f6rdert durch das Programm wird die zus\u00e4tzliche Stelle einer Sprachfachkraft,\u00a0die sich f\u00fcr alle Belange der alltagsintegrierten Sprachf\u00f6rderung in Kindergarten und Krippe einsetzt.<\/p>\n<p>F\u00fcr alle beteiligten Elterninitiativ-Kitas hat der Dachverband der Eltern-Kind-Initiativen in und um Augsburg e.V. eine feierliche \u00dcbergabe der Sprach-Kita-Plakette durch die Bundestagsabgeordnete Ulrike Bahr organisiert, die am 17.06. stattfindet.<\/p>\n","protected":false},"excerpt":{"rendered":"<p>Seit M\u00e4rz diesen Jahres nehmen wir am neuen Bundesprogramm &#8222;Sprach-Kitas&#8220; teil, das das vorherige Programm &#8222;Sprache und Integration&#8220; abgel\u00f6st hat. Gef\u00f6rdert durch das Programm wird die zus\u00e4tzliche Stelle einer Sprachfachkraft,\u00a0die sich f\u00fcr alle Belange der alltagsintegrierten Sprachf\u00f6rderung in Kindergarten und [&hellip;]<\/p>\n","protected":false},"author":1,"featured_media":0,"comment_status":"closed","ping_status":"closed","sticky":false,"template":"","format":"standard","meta":{"footnotes":""},"categories":[2],"tags":[],"class_list":["post-164","post","type-post","status-publish","format-standard","hentry","category-allgemein-de"],"_links":{"self":[{"href":"https:\/\/internationales-kinderhaus.de\/ika-2024\/wp-json\/wp\/v2\/posts\/164","targetHints":{"allow":["GET"]}}],"collection":[{"href":"https:\/\/internationales-kinderhaus.de\/ika-2024\/wp-json\/wp\/v2\/posts"}],"about":[{"href":"https:\/\/internationales-kinderhaus.de\/ika-2024\/wp-json\/wp\/v2\/types\/post"}],"author":[{"embeddable":true,"href":"https:\/\/internationales-kinderhaus.de\/ika-2024\/wp-json\/wp\/v2\/users\/1"}],"replies":[{"embeddable":true,"href":"https:\/\/internationales-kinderhaus.de\/ika-2024\/wp-json\/wp\/v2\/comments?post=164"}],"version-history":[{"count":0,"href":"https:\/\/internationales-kinderhaus.de\/ika-2024\/wp-json\/wp\/v2\/posts\/164\/revisions"}],"wp:attachment":[{"href":"https:\/\/internationales-kinderhaus.de\/ika-2024\/wp-json\/wp\/v2\/media?parent=164"}],"wp:term":[{"taxonomy":"category","embeddable":true,"href":"https:\/\/internationales-kinderhaus.de\/ika-2024\/wp-json\/wp\/v2\/categories?post=164"},{"taxonomy":"post_tag","embeddable":true,"href":"https:\/\/internationales-kinderhaus.de\/ika-2024\/wp-json\/wp\/v2\/tags?post=164"}],"curies":[{"name":"wp","href":"https:\/\/api.w.org\/{rel}","templated":true}]}}