{"id":1357,"date":"2025-10-20T11:29:32","date_gmt":"2025-10-20T09:29:32","guid":{"rendered":"https:\/\/internationales-kinderhaus.de\/ika-2024\/?p=1357"},"modified":"2026-01-12T14:02:41","modified_gmt":"2026-01-12T13:02:41","slug":"einladung-zum-tag-der-offenen-tuer-2","status":"publish","type":"post","link":"https:\/\/internationales-kinderhaus.de\/ika-2024\/einladung-zum-tag-der-offenen-tuer-2\/","title":{"rendered":"Einladung zum Tag der offenen T\u00fcr"},"content":{"rendered":"\n<p>Wir m\u00f6chten alle interessierten Eltern herzlich zu unserem Tag der offenen T\u00fcr einladen. <\/p>\n\n\n\n<p>Wann: Samstag, den <strong>17.01.2026<\/strong> von <strong>10:00 Uhr<\/strong> \u2013 <strong>12:30 Uhr<\/strong><\/p>\n\n\n\n<p>Wo: Internationales Kinderhaus Augsburg, Sch\u00e4fflerbachstra\u00dfe 28, 86153 Augsburg.<\/p>\n\n\n\n<p>Kommen Sie vorbei und lernen uns und unser Haus kennen. Gerne informiert Sie unser Team \u00fcber unsere p\u00e4dagogische Arbeit sowie unser zweisprachiges Konzept. F\u00fcr Fragen stehen Ihnen au\u00dferdem die Vorst\u00e4nde unseres Eltern-Tr\u00e4gervereins und der Elternbeirat zur Verf\u00fcgung.<\/p>\n\n\n\n<p>Gerne k\u00f6nnen Sie auch unseren neuen Gruppenraum begutachten. Dieser ist im letzten Jahr durch den Umbau unserer Dachterrasse neu entstanden. Aufgrund des Umbaus stehen uns nun einige zus\u00e4tzliche Hortpl\u00e4tze zur Verf\u00fcgung. <\/p>\n\n\n\n<p>Bei Interesse an einem Platz f\u00fcr das Kita-Jahr 2026\/27 melden Sie Ihr Kind bitte bis sp\u00e4testens Ende Februar \u00fcber das <a href=\"https:\/\/www.kitaplaner.de\/augsburg\/elternportal\/de\/\">Kita-Portal<\/a> der Stadt Augsburg an. <\/p>\n\n\n\n<p>Wir freuen uns auf Ihren Besuch.<\/p>\n","protected":false},"excerpt":{"rendered":"<p>Wir m\u00f6chten alle interessierten Eltern herzlich zu unserem Tag der offenen T\u00fcr einladen. Wann: Samstag, den 17.01.2026 von 10:00 Uhr \u2013 12:30 Uhr Wo: Internationales Kinderhaus Augsburg, Sch\u00e4fflerbachstra\u00dfe 28, 86153 Augsburg. Kommen Sie vorbei und lernen uns und unser Haus [&hellip;]<\/p>\n","protected":false},"author":3,"featured_media":0,"comment_status":"closed","ping_status":"closed","sticky":false,"template":"","format":"standard","meta":{"footnotes":""},"categories":[2],"tags":[],"class_list":["post-1357","post","type-post","status-publish","format-standard","hentry","category-allgemein-de"],"_links":{"self":[{"href":"https:\/\/internationales-kinderhaus.de\/ika-2024\/wp-json\/wp\/v2\/posts\/1357","targetHints":{"allow":["GET"]}}],"collection":[{"href":"https:\/\/internationales-kinderhaus.de\/ika-2024\/wp-json\/wp\/v2\/posts"}],"about":[{"href":"https:\/\/internationales-kinderhaus.de\/ika-2024\/wp-json\/wp\/v2\/types\/post"}],"author":[{"embeddable":true,"href":"https:\/\/internationales-kinderhaus.de\/ika-2024\/wp-json\/wp\/v2\/users\/3"}],"replies":[{"embeddable":true,"href":"https:\/\/internationales-kinderhaus.de\/ika-2024\/wp-json\/wp\/v2\/comments?post=1357"}],"version-history":[{"count":3,"href":"https:\/\/internationales-kinderhaus.de\/ika-2024\/wp-json\/wp\/v2\/posts\/1357\/revisions"}],"predecessor-version":[{"id":1375,"href":"https:\/\/internationales-kinderhaus.de\/ika-2024\/wp-json\/wp\/v2\/posts\/1357\/revisions\/1375"}],"wp:attachment":[{"href":"https:\/\/internationales-kinderhaus.de\/ika-2024\/wp-json\/wp\/v2\/media?parent=1357"}],"wp:term":[{"taxonomy":"category","embeddable":true,"href":"https:\/\/internationales-kinderhaus.de\/ika-2024\/wp-json\/wp\/v2\/categories?post=1357"},{"taxonomy":"post_tag","embeddable":true,"href":"https:\/\/internationales-kinderhaus.de\/ika-2024\/wp-json\/wp\/v2\/tags?post=1357"}],"curies":[{"name":"wp","href":"https:\/\/api.w.org\/{rel}","templated":true}]}}