{"id":1335,"date":"2025-06-27T10:40:06","date_gmt":"2025-06-27T08:40:06","guid":{"rendered":"https:\/\/internationales-kinderhaus.de\/ika-2024\/?p=1335"},"modified":"2025-06-27T10:41:46","modified_gmt":"2025-06-27T08:41:46","slug":"sommerfest-2025","status":"publish","type":"post","link":"https:\/\/internationales-kinderhaus.de\/ika-2024\/sommerfest-2025\/","title":{"rendered":"Sommerfest 2025"},"content":{"rendered":"\n<p>Es ist wieder Zeit zum Feiern:<\/p>\n\n\n\n<p><strong>am Samstag, 28.06.2025 von 14:30 bis 17:00 Uhr<\/strong><\/p>\n\n\n\n<p>findet unser diesj\u00e4hriges Sommerfest statt. Wir feiern ein Fest der Farben.<\/p>\n\n\n\n<p>Wie immer gibt es verschiedene Spielst\u00e4nde, Musik sowie Essen und Getr\u00e4nke.<\/p>\n\n\n\n<figure class=\"wp-block-gallery has-nested-images columns-default is-cropped wp-block-gallery-1 is-layout-flex wp-block-gallery-is-layout-flex\"><\/figure>\n","protected":false},"excerpt":{"rendered":"<p>Es ist wieder Zeit zum Feiern: am Samstag, 28.06.2025 von 14:30 bis 17:00 Uhr findet unser diesj\u00e4hriges Sommerfest statt. Wir feiern ein Fest der Farben. Wie immer gibt es verschiedene Spielst\u00e4nde, Musik sowie Essen und Getr\u00e4nke.<\/p>\n","protected":false},"author":3,"featured_media":1333,"comment_status":"closed","ping_status":"closed","sticky":false,"template":"","format":"standard","meta":{"footnotes":""},"categories":[2],"tags":[],"class_list":["post-1335","post","type-post","status-publish","format-standard","has-post-thumbnail","hentry","category-allgemein-de"],"_links":{"self":[{"href":"https:\/\/internationales-kinderhaus.de\/ika-2024\/wp-json\/wp\/v2\/posts\/1335","targetHints":{"allow":["GET"]}}],"collection":[{"href":"https:\/\/internationales-kinderhaus.de\/ika-2024\/wp-json\/wp\/v2\/posts"}],"about":[{"href":"https:\/\/internationales-kinderhaus.de\/ika-2024\/wp-json\/wp\/v2\/types\/post"}],"author":[{"embeddable":true,"href":"https:\/\/internationales-kinderhaus.de\/ika-2024\/wp-json\/wp\/v2\/users\/3"}],"replies":[{"embeddable":true,"href":"https:\/\/internationales-kinderhaus.de\/ika-2024\/wp-json\/wp\/v2\/comments?post=1335"}],"version-history":[{"count":4,"href":"https:\/\/internationales-kinderhaus.de\/ika-2024\/wp-json\/wp\/v2\/posts\/1335\/revisions"}],"predecessor-version":[{"id":1340,"href":"https:\/\/internationales-kinderhaus.de\/ika-2024\/wp-json\/wp\/v2\/posts\/1335\/revisions\/1340"}],"wp:featuredmedia":[{"embeddable":true,"href":"https:\/\/internationales-kinderhaus.de\/ika-2024\/wp-json\/wp\/v2\/media\/1333"}],"wp:attachment":[{"href":"https:\/\/internationales-kinderhaus.de\/ika-2024\/wp-json\/wp\/v2\/media?parent=1335"}],"wp:term":[{"taxonomy":"category","embeddable":true,"href":"https:\/\/internationales-kinderhaus.de\/ika-2024\/wp-json\/wp\/v2\/categories?post=1335"},{"taxonomy":"post_tag","embeddable":true,"href":"https:\/\/internationales-kinderhaus.de\/ika-2024\/wp-json\/wp\/v2\/tags?post=1335"}],"curies":[{"name":"wp","href":"https:\/\/api.w.org\/{rel}","templated":true}]}}