{"id":1222,"date":"2024-11-21T12:55:09","date_gmt":"2024-11-21T11:55:09","guid":{"rendered":"https:\/\/internationales-kinderhaus.de\/ika-2024\/?p=1222"},"modified":"2025-02-27T11:12:42","modified_gmt":"2025-02-27T10:12:42","slug":"einladung-zum-tag-der-offenen-tuer","status":"publish","type":"post","link":"https:\/\/internationales-kinderhaus.de\/ika-2024\/einladung-zum-tag-der-offenen-tuer\/","title":{"rendered":"Einladung zum Tag der offenen T\u00fcr"},"content":{"rendered":"\n<p>Wir veranstalten wieder einen Tag der offenen T\u00fcr, zu dem wir alle interessierten Eltern herzlich einladen m\u00f6chten. <\/p>\n\n\n\n<p>Kommen Sie gerne bei uns vorbei und lernen uns und unser Haus kennen.<\/p>\n\n\n\n<p>Wann: Samstag, den 18.01.2025 von 10:00 Uhr \u2013 12:00 Uhr<\/p>\n\n\n\n<p>Wo: Internationales Kinderhaus Augsburg, Sch\u00e4fflerbachstra\u00dfe 28, 86153 Augsburg.<\/p>\n\n\n\n<p>Gerne informiert Sie unser Team \u00fcber die p\u00e4dagogische Arbeit, insbesondere unser zweisprachiges Konzept. F\u00fcr Fragen stehen Ihnen weiterhin die Vorst\u00e4nde unseres Eltern-Tr\u00e4gervereins und der Elternbeirat zur Verf\u00fcgung.<\/p>\n\n\n\n<p>Falls Sie Ihr Kind in unserem Haus anmelden m\u00f6chten, nutzen Sie hierf\u00fcr bitte das <a href=\"https:\/\/www.kitaplaner.de\/augsburg\/elternportal\/de\/\">Kita-Portal<\/a> der Stadt Augsburg. Bitte beachten Sie, dass bei Interesse an einer Aufnahme im September 2025 Ihr Kind bis sp\u00e4testens Ende Februar vorgemerkt sein sollte.<\/p>\n\n\n\n<p>Wir freuen uns auf Ihren Besuch.<\/p>\n\n\n\n<p><\/p>\n","protected":false},"excerpt":{"rendered":"<p>Wir veranstalten wieder einen Tag der offenen T\u00fcr, zu dem wir alle interessierten Eltern herzlich einladen m\u00f6chten. Kommen Sie gerne bei uns vorbei und lernen uns und unser Haus kennen. Wann: Samstag, den 18.01.2025 von 10:00 Uhr \u2013 12:00 Uhr [&hellip;]<\/p>\n","protected":false},"author":3,"featured_media":0,"comment_status":"closed","ping_status":"closed","sticky":false,"template":"","format":"standard","meta":{"footnotes":""},"categories":[2],"tags":[],"class_list":["post-1222","post","type-post","status-publish","format-standard","hentry","category-allgemein-de"],"_links":{"self":[{"href":"https:\/\/internationales-kinderhaus.de\/ika-2024\/wp-json\/wp\/v2\/posts\/1222","targetHints":{"allow":["GET"]}}],"collection":[{"href":"https:\/\/internationales-kinderhaus.de\/ika-2024\/wp-json\/wp\/v2\/posts"}],"about":[{"href":"https:\/\/internationales-kinderhaus.de\/ika-2024\/wp-json\/wp\/v2\/types\/post"}],"author":[{"embeddable":true,"href":"https:\/\/internationales-kinderhaus.de\/ika-2024\/wp-json\/wp\/v2\/users\/3"}],"replies":[{"embeddable":true,"href":"https:\/\/internationales-kinderhaus.de\/ika-2024\/wp-json\/wp\/v2\/comments?post=1222"}],"version-history":[{"count":2,"href":"https:\/\/internationales-kinderhaus.de\/ika-2024\/wp-json\/wp\/v2\/posts\/1222\/revisions"}],"predecessor-version":[{"id":1323,"href":"https:\/\/internationales-kinderhaus.de\/ika-2024\/wp-json\/wp\/v2\/posts\/1222\/revisions\/1323"}],"wp:attachment":[{"href":"https:\/\/internationales-kinderhaus.de\/ika-2024\/wp-json\/wp\/v2\/media?parent=1222"}],"wp:term":[{"taxonomy":"category","embeddable":true,"href":"https:\/\/internationales-kinderhaus.de\/ika-2024\/wp-json\/wp\/v2\/categories?post=1222"},{"taxonomy":"post_tag","embeddable":true,"href":"https:\/\/internationales-kinderhaus.de\/ika-2024\/wp-json\/wp\/v2\/tags?post=1222"}],"curies":[{"name":"wp","href":"https:\/\/api.w.org\/{rel}","templated":true}]}}