{"id":1093,"date":"2023-07-03T11:59:05","date_gmt":"2023-07-03T09:59:05","guid":{"rendered":"http:\/\/internationales-kinderhaus.de\/?p=1093"},"modified":"2023-07-03T11:59:05","modified_gmt":"2023-07-03T09:59:05","slug":"augsburger-stadtradeln-wir-sind-dabei","status":"publish","type":"post","link":"https:\/\/internationales-kinderhaus.de\/ika-2024\/augsburger-stadtradeln-wir-sind-dabei\/","title":{"rendered":"Augsburger Stadtradeln &#8211; wir sind dabei"},"content":{"rendered":"<p>Teile des Teams und der Eltern des IKA sind beim diesj\u00e4hrigen Stadtradeln in Augburg dabei. Vom 1. bis 21. Juli legen wir so viele Strecken wie m\u00f6glich mit dem Fahhrad zur\u00fcck. Wer noch dabei sein mag, kann sich hier anmelden und dem Team IKA beitreten: <a href=\"https:\/\/www.stadtradeln.de\" target=\"_blank\" rel=\"noopener\">stadtradeln.de<\/a><\/p>\n<p>Unser Radelmeter:<\/p>\n<div style=\"width: auto !important; min-width: 375px; max-width: 415px; height: 415px;\"><iframe loading=\"lazy\" style=\"width: 100%; height: 100%;\" src=\"https:\/\/www.stadtradeln.de\/fileadmin\/radelkalender\/embed\/radelmeter-team.php?sr_team_id=66857\" width=\"300\" height=\"150\" frameborder=\"0\" scrolling=\"no\"><\/iframe><\/div>\n","protected":false},"excerpt":{"rendered":"<p>Teile des Teams und der Eltern des IKA sind beim diesj\u00e4hrigen Stadtradeln in Augburg dabei. Vom 1. bis 21. Juli legen wir so viele Strecken wie m\u00f6glich mit dem Fahhrad zur\u00fcck. Wer noch dabei sein mag, kann sich hier anmelden [&hellip;]<\/p>\n","protected":false},"author":1,"featured_media":0,"comment_status":"closed","ping_status":"closed","sticky":false,"template":"","format":"standard","meta":{"footnotes":""},"categories":[2],"tags":[],"class_list":["post-1093","post","type-post","status-publish","format-standard","hentry","category-allgemein-de"],"_links":{"self":[{"href":"https:\/\/internationales-kinderhaus.de\/ika-2024\/wp-json\/wp\/v2\/posts\/1093","targetHints":{"allow":["GET"]}}],"collection":[{"href":"https:\/\/internationales-kinderhaus.de\/ika-2024\/wp-json\/wp\/v2\/posts"}],"about":[{"href":"https:\/\/internationales-kinderhaus.de\/ika-2024\/wp-json\/wp\/v2\/types\/post"}],"author":[{"embeddable":true,"href":"https:\/\/internationales-kinderhaus.de\/ika-2024\/wp-json\/wp\/v2\/users\/1"}],"replies":[{"embeddable":true,"href":"https:\/\/internationales-kinderhaus.de\/ika-2024\/wp-json\/wp\/v2\/comments?post=1093"}],"version-history":[{"count":0,"href":"https:\/\/internationales-kinderhaus.de\/ika-2024\/wp-json\/wp\/v2\/posts\/1093\/revisions"}],"wp:attachment":[{"href":"https:\/\/internationales-kinderhaus.de\/ika-2024\/wp-json\/wp\/v2\/media?parent=1093"}],"wp:term":[{"taxonomy":"category","embeddable":true,"href":"https:\/\/internationales-kinderhaus.de\/ika-2024\/wp-json\/wp\/v2\/categories?post=1093"},{"taxonomy":"post_tag","embeddable":true,"href":"https:\/\/internationales-kinderhaus.de\/ika-2024\/wp-json\/wp\/v2\/tags?post=1093"}],"curies":[{"name":"wp","href":"https:\/\/api.w.org\/{rel}","templated":true}]}}