{"id":103,"date":"2016-04-07T16:23:33","date_gmt":"2016-04-07T14:23:33","guid":{"rendered":"http:\/\/internationales-kinderhaus.de\/?p=103"},"modified":"2016-04-07T16:23:33","modified_gmt":"2016-04-07T14:23:33","slug":"neuer-vorstand","status":"publish","type":"post","link":"https:\/\/internationales-kinderhaus.de\/ika-2024\/neuer-vorstand\/","title":{"rendered":"Neuer Vorstand"},"content":{"rendered":"<p>Am 25. Februar fand die j\u00e4hrliche Mitgliederversammlung unseres Tr\u00e4gervereins statt. Dabei\u00a0gab es einen gr\u00f6\u00dferen Wechsel innerhalb der Vorstandsreihen. Folgende Eltern wurden in den Vorstand gew\u00e4hlt:<\/p>\n<p>Sarah Nowotny,\u00a0Vorstandsvorsitzende<br \/>\nMartina Devine\u00a0Stellvertr. Vorstandsvorsitzende<br \/>\nLisa Anderson-Davis,\u00a0Vorstand Elternarbeit<br \/>\nMarcela Krause,\u00a0Vorstand Finanzen<br \/>\nStefanie Langer,\u00a0Vorstand Personal<br \/>\nMichael Ripperger,\u00a0Vorstand Sicherheit<br \/>\nGraziella Siliberto,\u00a0Vorstand Instandhaltung<\/p>\n","protected":false},"excerpt":{"rendered":"<p>Am 25. Februar fand die j\u00e4hrliche Mitgliederversammlung unseres Tr\u00e4gervereins statt. Dabei\u00a0gab es einen gr\u00f6\u00dferen Wechsel innerhalb der Vorstandsreihen. Folgende Eltern wurden in den Vorstand gew\u00e4hlt: Sarah Nowotny,\u00a0Vorstandsvorsitzende Martina Devine\u00a0Stellvertr. Vorstandsvorsitzende Lisa Anderson-Davis,\u00a0Vorstand Elternarbeit Marcela Krause,\u00a0Vorstand Finanzen Stefanie Langer,\u00a0Vorstand Personal Michael [&hellip;]<\/p>\n","protected":false},"author":1,"featured_media":0,"comment_status":"closed","ping_status":"closed","sticky":false,"template":"","format":"standard","meta":{"footnotes":""},"categories":[2],"tags":[],"class_list":["post-103","post","type-post","status-publish","format-standard","hentry","category-allgemein-de"],"_links":{"self":[{"href":"https:\/\/internationales-kinderhaus.de\/ika-2024\/wp-json\/wp\/v2\/posts\/103","targetHints":{"allow":["GET"]}}],"collection":[{"href":"https:\/\/internationales-kinderhaus.de\/ika-2024\/wp-json\/wp\/v2\/posts"}],"about":[{"href":"https:\/\/internationales-kinderhaus.de\/ika-2024\/wp-json\/wp\/v2\/types\/post"}],"author":[{"embeddable":true,"href":"https:\/\/internationales-kinderhaus.de\/ika-2024\/wp-json\/wp\/v2\/users\/1"}],"replies":[{"embeddable":true,"href":"https:\/\/internationales-kinderhaus.de\/ika-2024\/wp-json\/wp\/v2\/comments?post=103"}],"version-history":[{"count":0,"href":"https:\/\/internationales-kinderhaus.de\/ika-2024\/wp-json\/wp\/v2\/posts\/103\/revisions"}],"wp:attachment":[{"href":"https:\/\/internationales-kinderhaus.de\/ika-2024\/wp-json\/wp\/v2\/media?parent=103"}],"wp:term":[{"taxonomy":"category","embeddable":true,"href":"https:\/\/internationales-kinderhaus.de\/ika-2024\/wp-json\/wp\/v2\/categories?post=103"},{"taxonomy":"post_tag","embeddable":true,"href":"https:\/\/internationales-kinderhaus.de\/ika-2024\/wp-json\/wp\/v2\/tags?post=103"}],"curies":[{"name":"wp","href":"https:\/\/api.w.org\/{rel}","templated":true}]}}